{"id":1502,"date":"2016-10-23T15:09:23","date_gmt":"2016-10-23T13:09:23","guid":{"rendered":"https:\/\/guessousmajdamaria.hu\/?p=1502"},"modified":"2026-02-22T13:06:40","modified_gmt":"2026-02-22T12:06:40","slug":"2016-11-04-budapest","status":"publish","type":"post","link":"https:\/\/guessousmajdamaria.hu\/tr\/2016-11-04-budapest\/","title":{"rendered":"2016.11.04.Budapest"},"content":{"rendered":"<p>\u00d6sszeheged\u00fclt K\u00e1rp\u00e1tok-mester \u00e9s tan\u00edtv\u00e1nya k\u00f6z\u00f6s koncertje<\/p>\n<p>Magyar, sz\u00e9kely, cig\u00e1ny, szerb, rom\u00e1n \u00e9s szlov\u00e1k n\u00e9pzen\u00e9t ad el\u0151 k\u00f6z\u00f6s, budapesti koncertj\u00e9n Vizeli Bal\u00e1zs \u00e9s Mih\u00f3 Attila heged\u0171m\u0171v\u00e9sz. Mester \u00e9s tan\u00edtv\u00e1nya november 4-\u00e9n a Marczib\u00e1nyi T\u00e9ri M\u0171vel\u0151d\u00e9si K\u00f6zpontban l\u00e9p fel, \u00e9s az est egyik vend\u00e9ge a Nemzet M\u0171v\u00e9sze, a Kossuth-d\u00edjas teker\u0151lantos, Seb\u0151 Ferenc lesz.<\/p>\n<p>Fell\u00e9p t\u00f6bbek k\u00f6z\u00f6tt Guessous Majda M\u00e1ria!<\/p>\n<p>Helysz\u00edn: Marczib\u00e1nyi T\u00e9ri M\u0171vel\u0151d\u00e9si K\u00f6zpont<br \/>\n1022. Budapest, Marczib\u00e1nyi t\u00e9r 5\/a<\/p>\n<p>Tov\u00e1bbi inform\u00e1ci\u00f3:&nbsp;<a href=\"http:\/\/www.ujnemzedek.hu\/hirek\/osszehegedult-karpatok-mester-es-tanitvanya-kozos-koncertje\">http:\/\/www.ujnemzedek.hu\/hirek\/osszehegedult-karpatok-mester-es-tanitvanya-kozos-koncertje<\/a>..<\/p>","protected":false},"excerpt":{"rendered":"\u00d6sszeheged\u00fclt K\u00e1rp\u00e1tok-mester \u00e9s tan\u00edtv\u00e1nya k\u00f6z\u00f6s koncertje Magyar, sz\u00e9kely, cig\u00e1ny, szerb, rom\u00e1n \u00e9s szlov\u00e1k n\u00e9pzen\u00e9t ad el\u0151 k\u00f6z\u00f6s, budapesti koncertj\u00e9n Vizeli Bal\u00e1zs \u00e9s Mih\u00f3 Attila heged\u0171m\u0171v\u00e9sz. Mester \u00e9s tan\u00edtv\u00e1nya november 4-\u00e9n a Marczib\u00e1nyi T\u00e9ri M\u0171vel\u0151d\u00e9si K\u00f6zpontban l\u00e9p fel, \u00e9s az est egyik vend\u00e9ge a Nemzet M\u0171v\u00e9sze,&#8230;","protected":false},"author":1,"featured_media":0,"comment_status":"open","ping_status":"open","sticky":false,"template":"","format":"standard","meta":{"_acf_changed":false,"footnotes":""},"categories":[1],"tags":[],"class_list":["post-1502","post","type-post","status-publish","format-standard","hentry","category-egyeb"],"acf":[],"yoast_head":"<!-- This site is optimized with the Yoast SEO Premium plugin v27.5 (Yoast SEO v27.5) - https:\/\/yoast.com\/product\/yoast-seo-premium-wordpress\/ -->\n<title>2016.11.04.Budapest - (Magyar) Guessous Majda M\u00e1ria - n\u00e9pi \u00e9nek el\u0151ad\u00f3m\u0171v\u00e9sz<\/title>\n<meta name=\"robots\" content=\"index, follow, max-snippet:-1, max-image-preview:large, max-video-preview:-1\" \/>\n<link rel=\"canonical\" href=\"https:\/\/guessousmajdamaria.hu\/2016-11-04-budapest\/\" \/>\n<meta property=\"og:locale\" content=\"tr_TR\" \/>\n<meta property=\"og:type\" content=\"article\" \/>\n<meta property=\"og:title\" content=\"[:hu]2016.11.04.Budapest[:tr]2016.11.04.Budapest[:] - (Magyar) Guessous Majda M\u00e1ria - n\u00e9pi \u00e9nek el\u0151ad\u00f3m\u0171v\u00e9sz\" \/>\n<meta property=\"og:description\" content=\"[:hu]\u00d6sszeheged\u00fclt K\u00e1rp\u00e1tok-mester \u00e9s tan\u00edtv\u00e1nya k\u00f6z\u00f6s koncertje Magyar, sz\u00e9kely, cig\u00e1ny, szerb, rom\u00e1n \u00e9s szlov\u00e1k n\u00e9pzen\u00e9t ad el\u0151 k\u00f6z\u00f6s, budapesti koncertj\u00e9n Vizeli Bal\u00e1zs \u00e9s Mih\u00f3 Attila heged\u0171m\u0171v\u00e9sz. Mester \u00e9s tan\u00edtv\u00e1nya november 4-\u00e9n a Marczib\u00e1nyi T\u00e9ri M\u0171vel\u0151d\u00e9si K\u00f6zpontban l\u00e9p fel, \u00e9s az est egyik vend\u00e9ge a Nemzet M\u0171v\u00e9sze,...[:tr]\u00d6sszeheged\u00fclt K\u00e1rp\u00e1tok-mester \u00e9s tan\u00edtv\u00e1nya k\u00f6z\u00f6s koncertje Magyar, sz\u00e9kely, cig\u00e1ny, szerb, rom\u00e1n \u00e9s szlov\u00e1k n\u00e9pzen\u00e9t ad el\u0151 k\u00f6z\u00f6s, budapesti koncertj\u00e9n Vizeli Bal\u00e1zs \u00e9s Mih\u00f3 Attila heged\u0171m\u0171v\u00e9sz. Mester \u00e9s tan\u00edtv\u00e1nya november 4-\u00e9n a Marczib\u00e1nyi T\u00e9ri M\u0171vel\u0151d\u00e9si K\u00f6zpontban l\u00e9p fel, \u00e9s az est egyik vend\u00e9ge a Nemzet M\u0171v\u00e9sze,...[:]\" \/>\n<meta property=\"og:url\" content=\"https:\/\/guessousmajdamaria.hu\/2016-11-04-budapest\/\" \/>\n<meta property=\"og:site_name\" content=\"(Magyar) Guessous Majda M\u00e1ria - n\u00e9pi \u00e9nek el\u0151ad\u00f3m\u0171v\u00e9sz\" \/>\n<meta property=\"article:published_time\" content=\"2016-10-23T13:09:23+00:00\" \/>\n<meta property=\"article:modified_time\" content=\"2026-02-22T12:06:40+00:00\" \/>\n<meta name=\"author\" content=\"tolvajsanyi\" \/>\n<meta name=\"twitter:card\" content=\"summary_large_image\" \/>\n<meta name=\"twitter:label1\" content=\"Yazan:\" \/>\n\t<meta name=\"twitter:data1\" content=\"tolvajsanyi\" \/>\n\t<meta name=\"twitter:label2\" content=\"Tahmini okuma s\u00fcresi\" \/>\n\t<meta name=\"twitter:data2\" content=\"1 dakika\" \/>\n<script type=\"application\/ld+json\" class=\"yoast-schema-graph\">{\"@context\":\"https:\\\/\\\/schema.org\",\"@graph\":[{\"@type\":\"Article\",\"@id\":\"https:\\\/\\\/guessousmajdamaria.hu\\\/2016-11-04-budapest\\\/#article\",\"isPartOf\":{\"@id\":\"https:\\\/\\\/guessousmajdamaria.hu\\\/2016-11-04-budapest\\\/\"},\"author\":{\"name\":\"tolvajsanyi\",\"@id\":\"https:\\\/\\\/guessousmajdamaria.hu\\\/#\\\/schema\\\/person\\\/e6ed8f955442e9be1f7e8c0e3918a466\"},\"headline\":\"2016.11.04.Budapest\",\"datePublished\":\"2016-10-23T13:09:23+00:00\",\"dateModified\":\"2026-02-22T12:06:40+00:00\",\"mainEntityOfPage\":{\"@id\":\"https:\\\/\\\/guessousmajdamaria.hu\\\/2016-11-04-budapest\\\/\"},\"wordCount\":258,\"commentCount\":0,\"articleSection\":[\"Egy\u00e9b kateg\u00f3ria\"],\"inLanguage\":\"tr\"},{\"@type\":\"WebPage\",\"@id\":\"https:\\\/\\\/guessousmajdamaria.hu\\\/2016-11-04-budapest\\\/\",\"url\":\"https:\\\/\\\/guessousmajdamaria.hu\\\/2016-11-04-budapest\\\/\",\"name\":\"[:hu]2016.11.04.Budapest[:tr]2016.11.04.Budapest[:] - (Magyar) Guessous Majda M\u00e1ria - n\u00e9pi \u00e9nek el\u0151ad\u00f3m\u0171v\u00e9sz\",\"isPartOf\":{\"@id\":\"https:\\\/\\\/guessousmajdamaria.hu\\\/#website\"},\"datePublished\":\"2016-10-23T13:09:23+00:00\",\"dateModified\":\"2026-02-22T12:06:40+00:00\",\"author\":{\"@id\":\"https:\\\/\\\/guessousmajdamaria.hu\\\/#\\\/schema\\\/person\\\/e6ed8f955442e9be1f7e8c0e3918a466\"},\"inLanguage\":\"tr\",\"potentialAction\":[{\"@type\":\"ReadAction\",\"target\":[\"https:\\\/\\\/guessousmajdamaria.hu\\\/2016-11-04-budapest\\\/\"]}]},{\"@type\":\"WebSite\",\"@id\":\"https:\\\/\\\/guessousmajdamaria.hu\\\/#website\",\"url\":\"https:\\\/\\\/guessousmajdamaria.hu\\\/\",\"name\":\"(Magyar) Guessous Majda M\u00e1ria - n\u00e9pi \u00e9nek el\u0151ad\u00f3m\u0171v\u00e9sz\",\"description\":\"(Magyar) n\u00e9pi \u00e9nek el\u0151ad\u00f3m\u0171v\u00e9sz\",\"potentialAction\":[{\"@type\":\"SearchAction\",\"target\":{\"@type\":\"EntryPoint\",\"urlTemplate\":\"https:\\\/\\\/guessousmajdamaria.hu\\\/?s={search_term_string}\"},\"query-input\":{\"@type\":\"PropertyValueSpecification\",\"valueRequired\":true,\"valueName\":\"search_term_string\"}}],\"inLanguage\":\"tr\"},{\"@type\":\"Person\",\"@id\":\"https:\\\/\\\/guessousmajdamaria.hu\\\/#\\\/schema\\\/person\\\/e6ed8f955442e9be1f7e8c0e3918a466\",\"name\":\"tolvajsanyi\",\"image\":{\"@type\":\"ImageObject\",\"inLanguage\":\"tr\",\"@id\":\"https:\\\/\\\/secure.gravatar.com\\\/avatar\\\/608668e609739e0a046b56f752aceac39fae86b2586815443bcf44b688b9d524?s=96&d=mm&r=g\",\"url\":\"https:\\\/\\\/secure.gravatar.com\\\/avatar\\\/608668e609739e0a046b56f752aceac39fae86b2586815443bcf44b688b9d524?s=96&d=mm&r=g\",\"contentUrl\":\"https:\\\/\\\/secure.gravatar.com\\\/avatar\\\/608668e609739e0a046b56f752aceac39fae86b2586815443bcf44b688b9d524?s=96&d=mm&r=g\",\"caption\":\"tolvajsanyi\"},\"sameAs\":[\"https:\\\/\\\/guessousmajdamaria.hu\"]}]}<\/script>\n<!-- \/ Yoast SEO Premium plugin. -->","yoast_head_json":{"title":"2016.11.04.Budapest - (Magyar) Guessous Majda M\u00e1ria - n\u00e9pi \u00e9nek el\u0151ad\u00f3m\u0171v\u00e9sz","robots":{"index":"index","follow":"follow","max-snippet":"max-snippet:-1","max-image-preview":"max-image-preview:large","max-video-preview":"max-video-preview:-1"},"canonical":"https:\/\/guessousmajdamaria.hu\/2016-11-04-budapest\/","og_locale":"tr_TR","og_type":"article","og_title":"[:hu]2016.11.04.Budapest[:tr]2016.11.04.Budapest[:] - (Magyar) Guessous Majda M\u00e1ria - n\u00e9pi \u00e9nek el\u0151ad\u00f3m\u0171v\u00e9sz","og_description":"[:hu]\u00d6sszeheged\u00fclt K\u00e1rp\u00e1tok-mester \u00e9s tan\u00edtv\u00e1nya k\u00f6z\u00f6s koncertje Magyar, sz\u00e9kely, cig\u00e1ny, szerb, rom\u00e1n \u00e9s szlov\u00e1k n\u00e9pzen\u00e9t ad el\u0151 k\u00f6z\u00f6s, budapesti koncertj\u00e9n Vizeli Bal\u00e1zs \u00e9s Mih\u00f3 Attila heged\u0171m\u0171v\u00e9sz. Mester \u00e9s tan\u00edtv\u00e1nya november 4-\u00e9n a Marczib\u00e1nyi T\u00e9ri M\u0171vel\u0151d\u00e9si K\u00f6zpontban l\u00e9p fel, \u00e9s az est egyik vend\u00e9ge a Nemzet M\u0171v\u00e9sze,...[:tr]\u00d6sszeheged\u00fclt K\u00e1rp\u00e1tok-mester \u00e9s tan\u00edtv\u00e1nya k\u00f6z\u00f6s koncertje Magyar, sz\u00e9kely, cig\u00e1ny, szerb, rom\u00e1n \u00e9s szlov\u00e1k n\u00e9pzen\u00e9t ad el\u0151 k\u00f6z\u00f6s, budapesti koncertj\u00e9n Vizeli Bal\u00e1zs \u00e9s Mih\u00f3 Attila heged\u0171m\u0171v\u00e9sz. Mester \u00e9s tan\u00edtv\u00e1nya november 4-\u00e9n a Marczib\u00e1nyi T\u00e9ri M\u0171vel\u0151d\u00e9si K\u00f6zpontban l\u00e9p fel, \u00e9s az est egyik vend\u00e9ge a Nemzet M\u0171v\u00e9sze,...[:]","og_url":"https:\/\/guessousmajdamaria.hu\/2016-11-04-budapest\/","og_site_name":"(Magyar) Guessous Majda M\u00e1ria - n\u00e9pi \u00e9nek el\u0151ad\u00f3m\u0171v\u00e9sz","article_published_time":"2016-10-23T13:09:23+00:00","article_modified_time":"2026-02-22T12:06:40+00:00","author":"tolvajsanyi","twitter_card":"summary_large_image","twitter_misc":{"Yazan:":"tolvajsanyi","Tahmini okuma s\u00fcresi":"1 dakika"},"schema":{"@context":"https:\/\/schema.org","@graph":[{"@type":"Article","@id":"https:\/\/guessousmajdamaria.hu\/2016-11-04-budapest\/#article","isPartOf":{"@id":"https:\/\/guessousmajdamaria.hu\/2016-11-04-budapest\/"},"author":{"name":"tolvajsanyi","@id":"https:\/\/guessousmajdamaria.hu\/#\/schema\/person\/e6ed8f955442e9be1f7e8c0e3918a466"},"headline":"2016.11.04.Budapest","datePublished":"2016-10-23T13:09:23+00:00","dateModified":"2026-02-22T12:06:40+00:00","mainEntityOfPage":{"@id":"https:\/\/guessousmajdamaria.hu\/2016-11-04-budapest\/"},"wordCount":258,"commentCount":0,"articleSection":["Egy\u00e9b kateg\u00f3ria"],"inLanguage":"tr"},{"@type":"WebPage","@id":"https:\/\/guessousmajdamaria.hu\/2016-11-04-budapest\/","url":"https:\/\/guessousmajdamaria.hu\/2016-11-04-budapest\/","name":"[:hu]2016.11.04.Budapest[:tr]2016.11.04.Budapest[:] - (Magyar) Guessous Majda M\u00e1ria - n\u00e9pi \u00e9nek el\u0151ad\u00f3m\u0171v\u00e9sz","isPartOf":{"@id":"https:\/\/guessousmajdamaria.hu\/#website"},"datePublished":"2016-10-23T13:09:23+00:00","dateModified":"2026-02-22T12:06:40+00:00","author":{"@id":"https:\/\/guessousmajdamaria.hu\/#\/schema\/person\/e6ed8f955442e9be1f7e8c0e3918a466"},"inLanguage":"tr","potentialAction":[{"@type":"ReadAction","target":["https:\/\/guessousmajdamaria.hu\/2016-11-04-budapest\/"]}]},{"@type":"WebSite","@id":"https:\/\/guessousmajdamaria.hu\/#website","url":"https:\/\/guessousmajdamaria.hu\/","name":"(Magyar) Guessous Majda M\u00e1ria - n\u00e9pi \u00e9nek el\u0151ad\u00f3m\u0171v\u00e9sz","description":"(Magyar) n\u00e9pi \u00e9nek el\u0151ad\u00f3m\u0171v\u00e9sz","potentialAction":[{"@type":"SearchAction","target":{"@type":"EntryPoint","urlTemplate":"https:\/\/guessousmajdamaria.hu\/?s={search_term_string}"},"query-input":{"@type":"PropertyValueSpecification","valueRequired":true,"valueName":"search_term_string"}}],"inLanguage":"tr"},{"@type":"Person","@id":"https:\/\/guessousmajdamaria.hu\/#\/schema\/person\/e6ed8f955442e9be1f7e8c0e3918a466","name":"tolvajsanyi","image":{"@type":"ImageObject","inLanguage":"tr","@id":"https:\/\/secure.gravatar.com\/avatar\/608668e609739e0a046b56f752aceac39fae86b2586815443bcf44b688b9d524?s=96&d=mm&r=g","url":"https:\/\/secure.gravatar.com\/avatar\/608668e609739e0a046b56f752aceac39fae86b2586815443bcf44b688b9d524?s=96&d=mm&r=g","contentUrl":"https:\/\/secure.gravatar.com\/avatar\/608668e609739e0a046b56f752aceac39fae86b2586815443bcf44b688b9d524?s=96&d=mm&r=g","caption":"tolvajsanyi"},"sameAs":["https:\/\/guessousmajdamaria.hu"]}]}},"_links":{"self":[{"href":"https:\/\/guessousmajdamaria.hu\/tr\/wp-json\/wp\/v2\/posts\/1502","targetHints":{"allow":["GET"]}}],"collection":[{"href":"https:\/\/guessousmajdamaria.hu\/tr\/wp-json\/wp\/v2\/posts"}],"about":[{"href":"https:\/\/guessousmajdamaria.hu\/tr\/wp-json\/wp\/v2\/types\/post"}],"author":[{"embeddable":true,"href":"https:\/\/guessousmajdamaria.hu\/tr\/wp-json\/wp\/v2\/users\/1"}],"replies":[{"embeddable":true,"href":"https:\/\/guessousmajdamaria.hu\/tr\/wp-json\/wp\/v2\/comments?post=1502"}],"version-history":[{"count":2,"href":"https:\/\/guessousmajdamaria.hu\/tr\/wp-json\/wp\/v2\/posts\/1502\/revisions"}],"predecessor-version":[{"id":4740,"href":"https:\/\/guessousmajdamaria.hu\/tr\/wp-json\/wp\/v2\/posts\/1502\/revisions\/4740"}],"wp:attachment":[{"href":"https:\/\/guessousmajdamaria.hu\/tr\/wp-json\/wp\/v2\/media?parent=1502"}],"wp:term":[{"taxonomy":"category","embeddable":true,"href":"https:\/\/guessousmajdamaria.hu\/tr\/wp-json\/wp\/v2\/categories?post=1502"},{"taxonomy":"post_tag","embeddable":true,"href":"https:\/\/guessousmajdamaria.hu\/tr\/wp-json\/wp\/v2\/tags?post=1502"}],"curies":[{"name":"wp","href":"https:\/\/api.w.org\/{rel}","templated":true}]}}