{"id":1407,"date":"2016-09-10T23:12:37","date_gmt":"2016-09-10T21:12:37","guid":{"rendered":"https:\/\/guessousmajdamaria.hu\/?p=1407"},"modified":"2026-02-22T13:06:49","modified_gmt":"2026-02-22T12:06:49","slug":"2016-09-09-hidon-atal-interju-mesivel-zrinyi-emlekev-kapcsan","status":"publish","type":"post","link":"https:\/\/guessousmajdamaria.hu\/tr\/2016-09-09-hidon-atal-interju-mesivel-zrinyi-emlekev-kapcsan\/","title":{"rendered":"2016.09.09.&#8221;H\u00eddon \u00e1tal&#8221; &#8211; interj\u00fa Mesivel a Zr\u00ednyi Eml\u00e9k\u00e9v kapcs\u00e1n"},"content":{"rendered":"<p>A Zr\u00ednyi Napok keretein bel\u00fcl l\u00e9pett fel Guessous Majda M\u00e1ria \u00e9s zenekara. A Junior Prima d\u00edjas \u00e9nekesn\u0151vel p\u00e1ly\u00e1ja kezdet\u00e9r\u0151l, a n\u00e9pdalok ir\u00e1nti szenved\u00e9ly\u00e9r\u0151l besz\u00e9lt\u00fcnk, illetve arr\u00f3l, mik\u00e9nt l\u00e1tja a t\u00f6r\u00f6k-magyar bar\u00e1ti kapcsolatokat, a Zr\u00ednyi eml\u00e9k\u00e9vet, \u00e9s hogyan ker\u00fclt kapcsolatba a t\u00f6r\u00f6k n\u00e9pzen\u00e9vel.<\/p>\n<p><strong>Mik\u00e9nt ker\u00fclt\u00e9l kapcsolatba a n\u00e9pdalok vil\u00e1g\u00e1val?<\/strong><\/p>\n<p>A n\u00e9pdalok vil\u00e1g\u00e1val m\u00e1r eg\u00e9szen gyermekkorom \u00f3ta kapcsolatban \u00e1llok. M\u00e1r csak az\u00e9rt is, mert otthon az eg\u00e9sz csal\u00e1d nagyon sokat \u00e9nekel, m\u00e9g a sz\u00e1zegy\u00e9ves nagypap\u00e1m is. \u00c9n hiszem azt, hogy az egy\u00fctt\u00e9nekl\u00e9s \u00e9s a dalok, a n\u00e9pdalok \u00e9ltetik az embert. Amikor pedig m\u00e1r tudtam, hogy ez az \u00e9n utam, akkor a Zeneakad\u00e9mi\u00e1n folytattam az utamat, ott diplom\u00e1ztam le, mint tan\u00e1r \u00e9s el\u0151ad\u00f3m\u0171v\u00e9sz.<\/p>\n<p><strong>F\u00e9lig marokk\u00f3i sz\u00e1rmaz\u00e1s\u00fa vagy. Ez\u00e9rt lehet k\u00f6zelebbi a kapcsolatod a t\u00f6r\u00f6k n\u00e9pzen\u00e9vel?<\/strong><\/p>\n<p>Ahogy eml\u00edtettem, els\u0151k\u00e9nt a magyar n\u00e9pdalokkal tal\u00e1lkoztam, de amikor a Zeneakad\u00e9mi\u00e1n kereszt\u00fcl lehet\u0151s\u00e9gem volt kijutni T\u00f6r\u00f6korsz\u00e1gba Sipos J\u00e1nos tan\u00e1r \u00far tan\u00e1cs\u00e1ra, aki a t\u00f6r\u00f6k n\u00e9pzen\u00e9t kutatja a Zenetudom\u00e1nyi Int\u00e9zetben, akkor ott, T\u00f6r\u00f6korsz\u00e1gban \u00e9bredtem r\u00e1 a m\u00e1sik \u00e9nemre, a marokk\u00f3i \u00e9nemre l\u00e9nyeg\u00e9ben, ami nem t\u00f6r\u00f6k ugyan, de m\u00e9gis kapcsol\u00f3dik ahhoz a vil\u00e1ghoz, \u00e9s ez aktiv\u00e1lta bennem az egys\u00e9g \u00e9rz\u00e9s\u00e9t. Teh\u00e1t a magyars\u00e1gom nem z\u00e1rja ki azt, hogy ugyan\u00fagy \u00e9rezzem magam marokk\u00f3inak is, vagy a t\u00f6r\u00f6k n\u00e9pdalokat is ugyanolyan otthonosan \u00e9nekelhessem el, mint a magyarokat.<\/p>\n<p>A folytat\u00e1s az al\u00e1bbi linken tal\u00e1lhat\u00f3.<\/p>\n<p><a href=\"http:\/\/www.szigetvar-zrinyi1566.hu\/2016\/09\/09\/guessous-majda-maria-hidon-altal\/\">http:\/\/www.szigetvar-zrinyi1566.hu\/2016\/09\/09\/guessous-majda-maria-hidon-altal\/<\/a>..<\/p>","protected":false},"excerpt":{"rendered":"A Zr\u00ednyi Napok keretein bel\u00fcl l\u00e9pett fel Guessous Majda M\u00e1ria \u00e9s zenekara. A Junior Prima d\u00edjas \u00e9nekesn\u0151vel p\u00e1ly\u00e1ja kezdet\u00e9r\u0151l, a n\u00e9pdalok ir\u00e1nti szenved\u00e9ly\u00e9r\u0151l besz\u00e9lt\u00fcnk, illetve arr\u00f3l, mik\u00e9nt l\u00e1tja a t\u00f6r\u00f6k-magyar bar\u00e1ti kapcsolatokat, a Zr\u00ednyi eml\u00e9k\u00e9vet, \u00e9s hogyan ker\u00fclt kapcsolatba a t\u00f6r\u00f6k n\u00e9pzen\u00e9vel. Mik\u00e9nt ker\u00fclt\u00e9l kapcsolatba&#8230;","protected":false},"author":1,"featured_media":0,"comment_status":"open","ping_status":"open","sticky":false,"template":"","format":"standard","meta":{"_acf_changed":false,"footnotes":""},"categories":[1],"tags":[],"class_list":["post-1407","post","type-post","status-publish","format-standard","hentry","category-egyeb"],"acf":[],"yoast_head":"<!-- This site is optimized with the Yoast SEO Premium plugin v27.5 (Yoast SEO v27.5) - https:\/\/yoast.com\/product\/yoast-seo-premium-wordpress\/ -->\n<title>2016.09.09.&quot;H\u00eddon \u00e1tal&quot; - interj\u00fa Mesivel a Zr\u00ednyi Eml\u00e9k\u00e9v kapcs\u00e1n - (Magyar) Guessous Majda M\u00e1ria - n\u00e9pi \u00e9nek el\u0151ad\u00f3m\u0171v\u00e9sz<\/title>\n<meta name=\"robots\" content=\"index, follow, max-snippet:-1, max-image-preview:large, max-video-preview:-1\" \/>\n<link rel=\"canonical\" href=\"https:\/\/guessousmajdamaria.hu\/2016-09-09-hidon-atal-interju-mesivel-zrinyi-emlekev-kapcsan\/\" \/>\n<meta property=\"og:locale\" content=\"tr_TR\" \/>\n<meta property=\"og:type\" content=\"article\" \/>\n<meta property=\"og:title\" content=\"[:hu]2016.09.09.&quot;H\u00eddon \u00e1tal&quot; - interj\u00fa Mesivel a Zr\u00ednyi Eml\u00e9k\u00e9v kapcs\u00e1n[:tr]2016.09.09.&quot;H\u00eddon \u00e1tal&quot; - interj\u00fa Mesivel a Zr\u00ednyi Eml\u00e9k\u00e9v kapcs\u00e1n[:] - (Magyar) Guessous Majda M\u00e1ria - n\u00e9pi \u00e9nek el\u0151ad\u00f3m\u0171v\u00e9sz\" \/>\n<meta property=\"og:description\" content=\"[:hu]A Zr\u00ednyi Napok keretein bel\u00fcl l\u00e9pett fel Guessous Majda M\u00e1ria \u00e9s zenekara. A Junior Prima d\u00edjas \u00e9nekesn\u0151vel p\u00e1ly\u00e1ja kezdet\u00e9r\u0151l, a n\u00e9pdalok ir\u00e1nti szenved\u00e9ly\u00e9r\u0151l besz\u00e9lt\u00fcnk, illetve arr\u00f3l, mik\u00e9nt l\u00e1tja a t\u00f6r\u00f6k-magyar bar\u00e1ti kapcsolatokat, a Zr\u00ednyi eml\u00e9k\u00e9vet, \u00e9s hogyan ker\u00fclt kapcsolatba a t\u00f6r\u00f6k n\u00e9pzen\u00e9vel. Mik\u00e9nt ker\u00fclt\u00e9l kapcsolatba...[:tr]A Zr\u00ednyi Napok keretein bel\u00fcl l\u00e9pett fel Guessous Majda M\u00e1ria \u00e9s zenekara. A Junior Prima d\u00edjas \u00e9nekesn\u0151vel p\u00e1ly\u00e1ja kezdet\u00e9r\u0151l, a n\u00e9pdalok ir\u00e1nti szenved\u00e9ly\u00e9r\u0151l besz\u00e9lt\u00fcnk, illetve arr\u00f3l, mik\u00e9nt l\u00e1tja a t\u00f6r\u00f6k-magyar bar\u00e1ti kapcsolatokat, a Zr\u00ednyi eml\u00e9k\u00e9vet, \u00e9s hogyan ker\u00fclt kapcsolatba a t\u00f6r\u00f6k n\u00e9pzen\u00e9vel. Mik\u00e9nt ker\u00fclt\u00e9l kapcsolatba...[:]\" \/>\n<meta property=\"og:url\" content=\"https:\/\/guessousmajdamaria.hu\/2016-09-09-hidon-atal-interju-mesivel-zrinyi-emlekev-kapcsan\/\" \/>\n<meta property=\"og:site_name\" content=\"(Magyar) Guessous Majda M\u00e1ria - n\u00e9pi \u00e9nek el\u0151ad\u00f3m\u0171v\u00e9sz\" \/>\n<meta property=\"article:published_time\" content=\"2016-09-10T21:12:37+00:00\" \/>\n<meta property=\"article:modified_time\" content=\"2026-02-22T12:06:49+00:00\" \/>\n<meta name=\"author\" content=\"tolvajsanyi\" \/>\n<meta name=\"twitter:card\" content=\"summary_large_image\" \/>\n<meta name=\"twitter:label1\" content=\"Yazan:\" \/>\n\t<meta name=\"twitter:data1\" content=\"tolvajsanyi\" \/>\n\t<meta name=\"twitter:label2\" content=\"Tahmini okuma s\u00fcresi\" \/>\n\t<meta name=\"twitter:data2\" content=\"3 dakika\" \/>\n<script type=\"application\/ld+json\" class=\"yoast-schema-graph\">{\"@context\":\"https:\\\/\\\/schema.org\",\"@graph\":[{\"@type\":\"Article\",\"@id\":\"https:\\\/\\\/guessousmajdamaria.hu\\\/2016-09-09-hidon-atal-interju-mesivel-zrinyi-emlekev-kapcsan\\\/#article\",\"isPartOf\":{\"@id\":\"https:\\\/\\\/guessousmajdamaria.hu\\\/2016-09-09-hidon-atal-interju-mesivel-zrinyi-emlekev-kapcsan\\\/\"},\"author\":{\"name\":\"tolvajsanyi\",\"@id\":\"https:\\\/\\\/guessousmajdamaria.hu\\\/#\\\/schema\\\/person\\\/e6ed8f955442e9be1f7e8c0e3918a466\"},\"headline\":\"2016.09.09.&#8221;H\u00eddon \u00e1tal&#8221; &#8211; interj\u00fa Mesivel a Zr\u00ednyi Eml\u00e9k\u00e9v kapcs\u00e1n\",\"datePublished\":\"2016-09-10T21:12:37+00:00\",\"dateModified\":\"2026-02-22T12:06:49+00:00\",\"mainEntityOfPage\":{\"@id\":\"https:\\\/\\\/guessousmajdamaria.hu\\\/2016-09-09-hidon-atal-interju-mesivel-zrinyi-emlekev-kapcsan\\\/\"},\"wordCount\":710,\"commentCount\":0,\"articleSection\":[\"Egy\u00e9b kateg\u00f3ria\"],\"inLanguage\":\"tr\"},{\"@type\":\"WebPage\",\"@id\":\"https:\\\/\\\/guessousmajdamaria.hu\\\/2016-09-09-hidon-atal-interju-mesivel-zrinyi-emlekev-kapcsan\\\/\",\"url\":\"https:\\\/\\\/guessousmajdamaria.hu\\\/2016-09-09-hidon-atal-interju-mesivel-zrinyi-emlekev-kapcsan\\\/\",\"name\":\"[:hu]2016.09.09.\\\"H\u00eddon \u00e1tal\\\" - interj\u00fa Mesivel a Zr\u00ednyi Eml\u00e9k\u00e9v kapcs\u00e1n[:tr]2016.09.09.\\\"H\u00eddon \u00e1tal\\\" - interj\u00fa Mesivel a Zr\u00ednyi Eml\u00e9k\u00e9v kapcs\u00e1n[:] - (Magyar) Guessous Majda M\u00e1ria - n\u00e9pi \u00e9nek el\u0151ad\u00f3m\u0171v\u00e9sz\",\"isPartOf\":{\"@id\":\"https:\\\/\\\/guessousmajdamaria.hu\\\/#website\"},\"datePublished\":\"2016-09-10T21:12:37+00:00\",\"dateModified\":\"2026-02-22T12:06:49+00:00\",\"author\":{\"@id\":\"https:\\\/\\\/guessousmajdamaria.hu\\\/#\\\/schema\\\/person\\\/e6ed8f955442e9be1f7e8c0e3918a466\"},\"inLanguage\":\"tr\",\"potentialAction\":[{\"@type\":\"ReadAction\",\"target\":[\"https:\\\/\\\/guessousmajdamaria.hu\\\/2016-09-09-hidon-atal-interju-mesivel-zrinyi-emlekev-kapcsan\\\/\"]}]},{\"@type\":\"WebSite\",\"@id\":\"https:\\\/\\\/guessousmajdamaria.hu\\\/#website\",\"url\":\"https:\\\/\\\/guessousmajdamaria.hu\\\/\",\"name\":\"(Magyar) Guessous Majda M\u00e1ria - n\u00e9pi \u00e9nek el\u0151ad\u00f3m\u0171v\u00e9sz\",\"description\":\"(Magyar) n\u00e9pi \u00e9nek el\u0151ad\u00f3m\u0171v\u00e9sz\",\"potentialAction\":[{\"@type\":\"SearchAction\",\"target\":{\"@type\":\"EntryPoint\",\"urlTemplate\":\"https:\\\/\\\/guessousmajdamaria.hu\\\/?s={search_term_string}\"},\"query-input\":{\"@type\":\"PropertyValueSpecification\",\"valueRequired\":true,\"valueName\":\"search_term_string\"}}],\"inLanguage\":\"tr\"},{\"@type\":\"Person\",\"@id\":\"https:\\\/\\\/guessousmajdamaria.hu\\\/#\\\/schema\\\/person\\\/e6ed8f955442e9be1f7e8c0e3918a466\",\"name\":\"tolvajsanyi\",\"image\":{\"@type\":\"ImageObject\",\"inLanguage\":\"tr\",\"@id\":\"https:\\\/\\\/secure.gravatar.com\\\/avatar\\\/608668e609739e0a046b56f752aceac39fae86b2586815443bcf44b688b9d524?s=96&d=mm&r=g\",\"url\":\"https:\\\/\\\/secure.gravatar.com\\\/avatar\\\/608668e609739e0a046b56f752aceac39fae86b2586815443bcf44b688b9d524?s=96&d=mm&r=g\",\"contentUrl\":\"https:\\\/\\\/secure.gravatar.com\\\/avatar\\\/608668e609739e0a046b56f752aceac39fae86b2586815443bcf44b688b9d524?s=96&d=mm&r=g\",\"caption\":\"tolvajsanyi\"},\"sameAs\":[\"https:\\\/\\\/guessousmajdamaria.hu\"]}]}<\/script>\n<!-- \/ Yoast SEO Premium plugin. -->","yoast_head_json":{"title":"2016.09.09.\"H\u00eddon \u00e1tal\" - interj\u00fa Mesivel a Zr\u00ednyi Eml\u00e9k\u00e9v kapcs\u00e1n - (Magyar) Guessous Majda M\u00e1ria - n\u00e9pi \u00e9nek el\u0151ad\u00f3m\u0171v\u00e9sz","robots":{"index":"index","follow":"follow","max-snippet":"max-snippet:-1","max-image-preview":"max-image-preview:large","max-video-preview":"max-video-preview:-1"},"canonical":"https:\/\/guessousmajdamaria.hu\/2016-09-09-hidon-atal-interju-mesivel-zrinyi-emlekev-kapcsan\/","og_locale":"tr_TR","og_type":"article","og_title":"[:hu]2016.09.09.\"H\u00eddon \u00e1tal\" - interj\u00fa Mesivel a Zr\u00ednyi Eml\u00e9k\u00e9v kapcs\u00e1n[:tr]2016.09.09.\"H\u00eddon \u00e1tal\" - interj\u00fa Mesivel a Zr\u00ednyi Eml\u00e9k\u00e9v kapcs\u00e1n[:] - (Magyar) Guessous Majda M\u00e1ria - n\u00e9pi \u00e9nek el\u0151ad\u00f3m\u0171v\u00e9sz","og_description":"[:hu]A Zr\u00ednyi Napok keretein bel\u00fcl l\u00e9pett fel Guessous Majda M\u00e1ria \u00e9s zenekara. A Junior Prima d\u00edjas \u00e9nekesn\u0151vel p\u00e1ly\u00e1ja kezdet\u00e9r\u0151l, a n\u00e9pdalok ir\u00e1nti szenved\u00e9ly\u00e9r\u0151l besz\u00e9lt\u00fcnk, illetve arr\u00f3l, mik\u00e9nt l\u00e1tja a t\u00f6r\u00f6k-magyar bar\u00e1ti kapcsolatokat, a Zr\u00ednyi eml\u00e9k\u00e9vet, \u00e9s hogyan ker\u00fclt kapcsolatba a t\u00f6r\u00f6k n\u00e9pzen\u00e9vel. Mik\u00e9nt ker\u00fclt\u00e9l kapcsolatba...[:tr]A Zr\u00ednyi Napok keretein bel\u00fcl l\u00e9pett fel Guessous Majda M\u00e1ria \u00e9s zenekara. A Junior Prima d\u00edjas \u00e9nekesn\u0151vel p\u00e1ly\u00e1ja kezdet\u00e9r\u0151l, a n\u00e9pdalok ir\u00e1nti szenved\u00e9ly\u00e9r\u0151l besz\u00e9lt\u00fcnk, illetve arr\u00f3l, mik\u00e9nt l\u00e1tja a t\u00f6r\u00f6k-magyar bar\u00e1ti kapcsolatokat, a Zr\u00ednyi eml\u00e9k\u00e9vet, \u00e9s hogyan ker\u00fclt kapcsolatba a t\u00f6r\u00f6k n\u00e9pzen\u00e9vel. Mik\u00e9nt ker\u00fclt\u00e9l kapcsolatba...[:]","og_url":"https:\/\/guessousmajdamaria.hu\/2016-09-09-hidon-atal-interju-mesivel-zrinyi-emlekev-kapcsan\/","og_site_name":"(Magyar) Guessous Majda M\u00e1ria - n\u00e9pi \u00e9nek el\u0151ad\u00f3m\u0171v\u00e9sz","article_published_time":"2016-09-10T21:12:37+00:00","article_modified_time":"2026-02-22T12:06:49+00:00","author":"tolvajsanyi","twitter_card":"summary_large_image","twitter_misc":{"Yazan:":"tolvajsanyi","Tahmini okuma s\u00fcresi":"3 dakika"},"schema":{"@context":"https:\/\/schema.org","@graph":[{"@type":"Article","@id":"https:\/\/guessousmajdamaria.hu\/2016-09-09-hidon-atal-interju-mesivel-zrinyi-emlekev-kapcsan\/#article","isPartOf":{"@id":"https:\/\/guessousmajdamaria.hu\/2016-09-09-hidon-atal-interju-mesivel-zrinyi-emlekev-kapcsan\/"},"author":{"name":"tolvajsanyi","@id":"https:\/\/guessousmajdamaria.hu\/#\/schema\/person\/e6ed8f955442e9be1f7e8c0e3918a466"},"headline":"2016.09.09.&#8221;H\u00eddon \u00e1tal&#8221; &#8211; interj\u00fa Mesivel a Zr\u00ednyi Eml\u00e9k\u00e9v kapcs\u00e1n","datePublished":"2016-09-10T21:12:37+00:00","dateModified":"2026-02-22T12:06:49+00:00","mainEntityOfPage":{"@id":"https:\/\/guessousmajdamaria.hu\/2016-09-09-hidon-atal-interju-mesivel-zrinyi-emlekev-kapcsan\/"},"wordCount":710,"commentCount":0,"articleSection":["Egy\u00e9b kateg\u00f3ria"],"inLanguage":"tr"},{"@type":"WebPage","@id":"https:\/\/guessousmajdamaria.hu\/2016-09-09-hidon-atal-interju-mesivel-zrinyi-emlekev-kapcsan\/","url":"https:\/\/guessousmajdamaria.hu\/2016-09-09-hidon-atal-interju-mesivel-zrinyi-emlekev-kapcsan\/","name":"[:hu]2016.09.09.\"H\u00eddon \u00e1tal\" - interj\u00fa Mesivel a Zr\u00ednyi Eml\u00e9k\u00e9v kapcs\u00e1n[:tr]2016.09.09.\"H\u00eddon \u00e1tal\" - interj\u00fa Mesivel a Zr\u00ednyi Eml\u00e9k\u00e9v kapcs\u00e1n[:] - (Magyar) Guessous Majda M\u00e1ria - n\u00e9pi \u00e9nek el\u0151ad\u00f3m\u0171v\u00e9sz","isPartOf":{"@id":"https:\/\/guessousmajdamaria.hu\/#website"},"datePublished":"2016-09-10T21:12:37+00:00","dateModified":"2026-02-22T12:06:49+00:00","author":{"@id":"https:\/\/guessousmajdamaria.hu\/#\/schema\/person\/e6ed8f955442e9be1f7e8c0e3918a466"},"inLanguage":"tr","potentialAction":[{"@type":"ReadAction","target":["https:\/\/guessousmajdamaria.hu\/2016-09-09-hidon-atal-interju-mesivel-zrinyi-emlekev-kapcsan\/"]}]},{"@type":"WebSite","@id":"https:\/\/guessousmajdamaria.hu\/#website","url":"https:\/\/guessousmajdamaria.hu\/","name":"(Magyar) Guessous Majda M\u00e1ria - n\u00e9pi \u00e9nek el\u0151ad\u00f3m\u0171v\u00e9sz","description":"(Magyar) n\u00e9pi \u00e9nek el\u0151ad\u00f3m\u0171v\u00e9sz","potentialAction":[{"@type":"SearchAction","target":{"@type":"EntryPoint","urlTemplate":"https:\/\/guessousmajdamaria.hu\/?s={search_term_string}"},"query-input":{"@type":"PropertyValueSpecification","valueRequired":true,"valueName":"search_term_string"}}],"inLanguage":"tr"},{"@type":"Person","@id":"https:\/\/guessousmajdamaria.hu\/#\/schema\/person\/e6ed8f955442e9be1f7e8c0e3918a466","name":"tolvajsanyi","image":{"@type":"ImageObject","inLanguage":"tr","@id":"https:\/\/secure.gravatar.com\/avatar\/608668e609739e0a046b56f752aceac39fae86b2586815443bcf44b688b9d524?s=96&d=mm&r=g","url":"https:\/\/secure.gravatar.com\/avatar\/608668e609739e0a046b56f752aceac39fae86b2586815443bcf44b688b9d524?s=96&d=mm&r=g","contentUrl":"https:\/\/secure.gravatar.com\/avatar\/608668e609739e0a046b56f752aceac39fae86b2586815443bcf44b688b9d524?s=96&d=mm&r=g","caption":"tolvajsanyi"},"sameAs":["https:\/\/guessousmajdamaria.hu"]}]}},"_links":{"self":[{"href":"https:\/\/guessousmajdamaria.hu\/tr\/wp-json\/wp\/v2\/posts\/1407","targetHints":{"allow":["GET"]}}],"collection":[{"href":"https:\/\/guessousmajdamaria.hu\/tr\/wp-json\/wp\/v2\/posts"}],"about":[{"href":"https:\/\/guessousmajdamaria.hu\/tr\/wp-json\/wp\/v2\/types\/post"}],"author":[{"embeddable":true,"href":"https:\/\/guessousmajdamaria.hu\/tr\/wp-json\/wp\/v2\/users\/1"}],"replies":[{"embeddable":true,"href":"https:\/\/guessousmajdamaria.hu\/tr\/wp-json\/wp\/v2\/comments?post=1407"}],"version-history":[{"count":2,"href":"https:\/\/guessousmajdamaria.hu\/tr\/wp-json\/wp\/v2\/posts\/1407\/revisions"}],"predecessor-version":[{"id":4752,"href":"https:\/\/guessousmajdamaria.hu\/tr\/wp-json\/wp\/v2\/posts\/1407\/revisions\/4752"}],"wp:attachment":[{"href":"https:\/\/guessousmajdamaria.hu\/tr\/wp-json\/wp\/v2\/media?parent=1407"}],"wp:term":[{"taxonomy":"category","embeddable":true,"href":"https:\/\/guessousmajdamaria.hu\/tr\/wp-json\/wp\/v2\/categories?post=1407"},{"taxonomy":"post_tag","embeddable":true,"href":"https:\/\/guessousmajdamaria.hu\/tr\/wp-json\/wp\/v2\/tags?post=1407"}],"curies":[{"name":"wp","href":"https:\/\/api.w.org\/{rel}","templated":true}]}}